{"id":4190,"date":"2025-01-20T15:52:20","date_gmt":"2025-01-20T14:52:20","guid":{"rendered":"https:\/\/shtandart.eu\/?p=4190"},"modified":"2025-01-20T15:55:50","modified_gmt":"2025-01-20T14:55:50","slug":"shtandart-will-spend-nearly-a-month-in-the-dry-dock","status":"publish","type":"post","link":"https:\/\/shtandart.eu\/fr\/shtandart-will-spend-nearly-a-month-in-the-dry-dock\/","title":{"rendered":"Le Shtandart passera pr\u00e8s d'un mois en cale s\u00e8che"},"content":{"rendered":"<p><em>20\/01\/2025<\/em><\/p>\n\n\n\n<p>Le Shtandart subira sa maintenance annuelle du 20 janvier au 14 f\u00e9vrier en cale s\u00e8che \u00e0 La Pallice.<\/p>\n\n\n\n<p>Le car\u00e9nage annuel est essentiel pour maintenir notre navire unique en excellent \u00e9tat et garantir une navigation en toute s\u00e9curit\u00e9. Les r\u00e9parations pr\u00e9ventives sont cruciales pour pr\u00e9server le Shtandart en tant que symbole du patrimoine culturel et maritime.<\/p>\n\n\n\n<p>Apr\u00e8s les r\u00e9parations, nous sommes ravis d'accueillir nos b\u00e9n\u00e9voles \u00e0 bord ! Selon la tradition, les jours de participation aux travaux de r\u00e9paration sont r\u00e9compens\u00e9s par une journ\u00e9e de navigation \u00e0 bord du Shtandart.<\/p>","protected":false},"excerpt":{"rendered":"<p>20\/01\/2025 The\u00a0Shtandart\u00a0will undergo its annual maintenance from January 20 to February 14 in the dry dock at La Pallice. Annual docking is essential to maintaining our unique ship in excellent condition and ensuring safe sailing. Preventive repairs are key to preserving the\u00a0Shtandart\u00a0as a symbol of cultural and maritime heritage. After the repairs, we\u2019re thrilled to [&hellip;]<\/p>","protected":false},"author":990011,"featured_media":4191,"comment_status":"closed","ping_status":"open","sticky":false,"template":"","format":"standard","meta":{"_themeisle_gutenberg_block_has_review":false,"footnotes":""},"categories":[7],"tags":[],"class_list":["post-4190","post","type-post","status-publish","format-standard","has-post-thumbnail","hentry","category-shtandart-latest-news"],"yoast_head":"<!-- This site is optimized with the Yoast SEO plugin v25.5 - https:\/\/yoast.com\/wordpress\/plugins\/seo\/ -->\n<title>Shtandart will spend nearly a month in dry dock - Shtandart<\/title>\n<meta name=\"robots\" content=\"index, follow, max-snippet:-1, max-image-preview:large, max-video-preview:-1\" \/>\n<link rel=\"canonical\" href=\"https:\/\/shtandart.eu\/fr\/shtandart-will-spend-nearly-a-month-in-the-dry-dock\/\" \/>\n<meta property=\"og:locale\" content=\"fr_FR\" \/>\n<meta property=\"og:type\" content=\"article\" \/>\n<meta property=\"og:title\" content=\"Shtandart will spend nearly a month in dry dock - Shtandart\" \/>\n<meta property=\"og:description\" content=\"20\/01\/2025 The\u00a0Shtandart\u00a0will undergo its annual maintenance from January 20 to February 14 in the dry dock at La Pallice. Annual docking is essential to maintaining our unique ship in excellent condition and ensuring safe sailing. Preventive repairs are key to preserving the\u00a0Shtandart\u00a0as a symbol of cultural and maritime heritage. After the repairs, we\u2019re thrilled to [&hellip;]\" \/>\n<meta property=\"og:url\" content=\"https:\/\/shtandart.eu\/fr\/shtandart-will-spend-nearly-a-month-in-the-dry-dock\/\" \/>\n<meta property=\"og:site_name\" content=\"Shtandart\" \/>\n<meta property=\"article:publisher\" content=\"https:\/\/www.facebook.com\/Frigate.Shtandart\/\" \/>\n<meta property=\"article:published_time\" content=\"2025-01-20T14:52:20+00:00\" \/>\n<meta property=\"article:modified_time\" content=\"2025-01-20T14:55:50+00:00\" \/>\n<meta property=\"og:image\" content=\"https:\/\/shtandart.eu\/wp-content\/uploads\/2025\/01\/photo_2025-01-20_15-33-36-2.jpg\" \/>\n\t<meta property=\"og:image:width\" content=\"1280\" \/>\n\t<meta property=\"og:image:height\" content=\"964\" \/>\n\t<meta property=\"og:image:type\" content=\"image\/jpeg\" \/>\n<meta name=\"author\" content=\"Anna Gamzikova\" \/>\n<meta name=\"twitter:card\" content=\"summary_large_image\" \/>\n<meta name=\"twitter:label1\" content=\"\u00c9crit par\" \/>\n\t<meta name=\"twitter:data1\" content=\"Anna Gamzikova\" \/>\n<script type=\"application\/ld+json\" class=\"yoast-schema-graph\">{\"@context\":\"https:\/\/schema.org\",\"@graph\":[{\"@type\":\"Article\",\"@id\":\"https:\/\/shtandart.eu\/shtandart-will-spend-nearly-a-month-in-the-dry-dock\/#article\",\"isPartOf\":{\"@id\":\"https:\/\/shtandart.eu\/shtandart-will-spend-nearly-a-month-in-the-dry-dock\/\"},\"author\":{\"name\":\"Anna Gamzikova\",\"@id\":\"https:\/\/shtandart.eu\/#\/schema\/person\/cac789be4cbf80e2d9b7e3bc03cb70f9\"},\"headline\":\"Shtandart will spend nearly a month in dry dock\",\"datePublished\":\"2025-01-20T14:52:20+00:00\",\"dateModified\":\"2025-01-20T14:55:50+00:00\",\"mainEntityOfPage\":{\"@id\":\"https:\/\/shtandart.eu\/shtandart-will-spend-nearly-a-month-in-the-dry-dock\/\"},\"wordCount\":88,\"publisher\":{\"@id\":\"https:\/\/shtandart.eu\/#organization\"},\"image\":{\"@id\":\"https:\/\/shtandart.eu\/shtandart-will-spend-nearly-a-month-in-the-dry-dock\/#primaryimage\"},\"thumbnailUrl\":\"https:\/\/shtandart.eu\/wp-content\/uploads\/2025\/01\/photo_2025-01-20_15-33-36-2.jpg\",\"articleSection\":[\"Latest News\"],\"inLanguage\":\"fr-FR\"},{\"@type\":\"WebPage\",\"@id\":\"https:\/\/shtandart.eu\/shtandart-will-spend-nearly-a-month-in-the-dry-dock\/\",\"url\":\"https:\/\/shtandart.eu\/shtandart-will-spend-nearly-a-month-in-the-dry-dock\/\",\"name\":\"Shtandart will spend nearly a month in dry dock - Shtandart\",\"isPartOf\":{\"@id\":\"https:\/\/shtandart.eu\/#website\"},\"primaryImageOfPage\":{\"@id\":\"https:\/\/shtandart.eu\/shtandart-will-spend-nearly-a-month-in-the-dry-dock\/#primaryimage\"},\"image\":{\"@id\":\"https:\/\/shtandart.eu\/shtandart-will-spend-nearly-a-month-in-the-dry-dock\/#primaryimage\"},\"thumbnailUrl\":\"https:\/\/shtandart.eu\/wp-content\/uploads\/2025\/01\/photo_2025-01-20_15-33-36-2.jpg\",\"datePublished\":\"2025-01-20T14:52:20+00:00\",\"dateModified\":\"2025-01-20T14:55:50+00:00\",\"breadcrumb\":{\"@id\":\"https:\/\/shtandart.eu\/shtandart-will-spend-nearly-a-month-in-the-dry-dock\/#breadcrumb\"},\"inLanguage\":\"fr-FR\",\"potentialAction\":[{\"@type\":\"ReadAction\",\"target\":[\"https:\/\/shtandart.eu\/shtandart-will-spend-nearly-a-month-in-the-dry-dock\/\"]}]},{\"@type\":\"ImageObject\",\"inLanguage\":\"fr-FR\",\"@id\":\"https:\/\/shtandart.eu\/shtandart-will-spend-nearly-a-month-in-the-dry-dock\/#primaryimage\",\"url\":\"https:\/\/shtandart.eu\/wp-content\/uploads\/2025\/01\/photo_2025-01-20_15-33-36-2.jpg\",\"contentUrl\":\"https:\/\/shtandart.eu\/wp-content\/uploads\/2025\/01\/photo_2025-01-20_15-33-36-2.jpg\",\"width\":1280,\"height\":964},{\"@type\":\"BreadcrumbList\",\"@id\":\"https:\/\/shtandart.eu\/shtandart-will-spend-nearly-a-month-in-the-dry-dock\/#breadcrumb\",\"itemListElement\":[{\"@type\":\"ListItem\",\"position\":1,\"name\":\"Home\",\"item\":\"https:\/\/shtandart.eu\/\"},{\"@type\":\"ListItem\",\"position\":2,\"name\":\"Shtandart will spend nearly a month in dry dock\"}]},{\"@type\":\"WebSite\",\"@id\":\"https:\/\/shtandart.eu\/#website\",\"url\":\"https:\/\/shtandart.eu\/\",\"name\":\"Shtandart\",\"description\":\"\",\"publisher\":{\"@id\":\"https:\/\/shtandart.eu\/#organization\"},\"potentialAction\":[{\"@type\":\"SearchAction\",\"target\":{\"@type\":\"EntryPoint\",\"urlTemplate\":\"https:\/\/shtandart.eu\/?s={search_term_string}\"},\"query-input\":{\"@type\":\"PropertyValueSpecification\",\"valueRequired\":true,\"valueName\":\"search_term_string\"}}],\"inLanguage\":\"fr-FR\"},{\"@type\":\"Organization\",\"@id\":\"https:\/\/shtandart.eu\/#organization\",\"name\":\"Shtandart\",\"url\":\"https:\/\/shtandart.eu\/\",\"logo\":{\"@type\":\"ImageObject\",\"inLanguage\":\"fr-FR\",\"@id\":\"https:\/\/shtandart.eu\/#\/schema\/logo\/image\/\",\"url\":\"https:\/\/shtandart.eu\/wp-content\/uploads\/2023\/12\/\u0411\u0435\u0437-\u0438\u043c\u0435\u043d\u0438-2.png\",\"contentUrl\":\"https:\/\/shtandart.eu\/wp-content\/uploads\/2023\/12\/\u0411\u0435\u0437-\u0438\u043c\u0435\u043d\u0438-2.png\",\"width\":512,\"height\":511,\"caption\":\"Shtandart\"},\"image\":{\"@id\":\"https:\/\/shtandart.eu\/#\/schema\/logo\/image\/\"},\"sameAs\":[\"https:\/\/www.facebook.com\/Frigate.Shtandart\/\"]},{\"@type\":\"Person\",\"@id\":\"https:\/\/shtandart.eu\/#\/schema\/person\/cac789be4cbf80e2d9b7e3bc03cb70f9\",\"name\":\"Anna Gamzikova\",\"image\":{\"@type\":\"ImageObject\",\"inLanguage\":\"fr-FR\",\"@id\":\"https:\/\/shtandart.eu\/#\/schema\/person\/image\/\",\"url\":\"https:\/\/secure.gravatar.com\/avatar\/11757dd684c0509ff5ee2f357488f681fbd3c342233e2b2684636c33a3022fd6?s=96&d=mm&r=g\",\"contentUrl\":\"https:\/\/secure.gravatar.com\/avatar\/11757dd684c0509ff5ee2f357488f681fbd3c342233e2b2684636c33a3022fd6?s=96&d=mm&r=g\",\"caption\":\"Anna Gamzikova\"},\"url\":\"https:\/\/shtandart.eu\/fr\/author\/anna\/\"}]}<\/script>\n<!-- \/ Yoast SEO plugin. -->","yoast_head_json":{"title":"Shtandart will spend nearly a month in dry dock - Shtandart","robots":{"index":"index","follow":"follow","max-snippet":"max-snippet:-1","max-image-preview":"max-image-preview:large","max-video-preview":"max-video-preview:-1"},"canonical":"https:\/\/shtandart.eu\/fr\/shtandart-will-spend-nearly-a-month-in-the-dry-dock\/","og_locale":"fr_FR","og_type":"article","og_title":"Shtandart will spend nearly a month in dry dock - Shtandart","og_description":"20\/01\/2025 The\u00a0Shtandart\u00a0will undergo its annual maintenance from January 20 to February 14 in the dry dock at La Pallice. Annual docking is essential to maintaining our unique ship in excellent condition and ensuring safe sailing. Preventive repairs are key to preserving the\u00a0Shtandart\u00a0as a symbol of cultural and maritime heritage. After the repairs, we\u2019re thrilled to [&hellip;]","og_url":"https:\/\/shtandart.eu\/fr\/shtandart-will-spend-nearly-a-month-in-the-dry-dock\/","og_site_name":"Shtandart","article_publisher":"https:\/\/www.facebook.com\/Frigate.Shtandart\/","article_published_time":"2025-01-20T14:52:20+00:00","article_modified_time":"2025-01-20T14:55:50+00:00","og_image":[{"width":1280,"height":964,"url":"https:\/\/shtandart.eu\/wp-content\/uploads\/2025\/01\/photo_2025-01-20_15-33-36-2.jpg","type":"image\/jpeg"}],"author":"Anna Gamzikova","twitter_card":"summary_large_image","twitter_misc":{"\u00c9crit par":"Anna Gamzikova"},"schema":{"@context":"https:\/\/schema.org","@graph":[{"@type":"Article","@id":"https:\/\/shtandart.eu\/shtandart-will-spend-nearly-a-month-in-the-dry-dock\/#article","isPartOf":{"@id":"https:\/\/shtandart.eu\/shtandart-will-spend-nearly-a-month-in-the-dry-dock\/"},"author":{"name":"Anna Gamzikova","@id":"https:\/\/shtandart.eu\/#\/schema\/person\/cac789be4cbf80e2d9b7e3bc03cb70f9"},"headline":"Shtandart will spend nearly a month in dry dock","datePublished":"2025-01-20T14:52:20+00:00","dateModified":"2025-01-20T14:55:50+00:00","mainEntityOfPage":{"@id":"https:\/\/shtandart.eu\/shtandart-will-spend-nearly-a-month-in-the-dry-dock\/"},"wordCount":88,"publisher":{"@id":"https:\/\/shtandart.eu\/#organization"},"image":{"@id":"https:\/\/shtandart.eu\/shtandart-will-spend-nearly-a-month-in-the-dry-dock\/#primaryimage"},"thumbnailUrl":"https:\/\/shtandart.eu\/wp-content\/uploads\/2025\/01\/photo_2025-01-20_15-33-36-2.jpg","articleSection":["Latest News"],"inLanguage":"fr-FR"},{"@type":"WebPage","@id":"https:\/\/shtandart.eu\/shtandart-will-spend-nearly-a-month-in-the-dry-dock\/","url":"https:\/\/shtandart.eu\/shtandart-will-spend-nearly-a-month-in-the-dry-dock\/","name":"Shtandart will spend nearly a month in dry dock - Shtandart","isPartOf":{"@id":"https:\/\/shtandart.eu\/#website"},"primaryImageOfPage":{"@id":"https:\/\/shtandart.eu\/shtandart-will-spend-nearly-a-month-in-the-dry-dock\/#primaryimage"},"image":{"@id":"https:\/\/shtandart.eu\/shtandart-will-spend-nearly-a-month-in-the-dry-dock\/#primaryimage"},"thumbnailUrl":"https:\/\/shtandart.eu\/wp-content\/uploads\/2025\/01\/photo_2025-01-20_15-33-36-2.jpg","datePublished":"2025-01-20T14:52:20+00:00","dateModified":"2025-01-20T14:55:50+00:00","breadcrumb":{"@id":"https:\/\/shtandart.eu\/shtandart-will-spend-nearly-a-month-in-the-dry-dock\/#breadcrumb"},"inLanguage":"fr-FR","potentialAction":[{"@type":"ReadAction","target":["https:\/\/shtandart.eu\/shtandart-will-spend-nearly-a-month-in-the-dry-dock\/"]}]},{"@type":"ImageObject","inLanguage":"fr-FR","@id":"https:\/\/shtandart.eu\/shtandart-will-spend-nearly-a-month-in-the-dry-dock\/#primaryimage","url":"https:\/\/shtandart.eu\/wp-content\/uploads\/2025\/01\/photo_2025-01-20_15-33-36-2.jpg","contentUrl":"https:\/\/shtandart.eu\/wp-content\/uploads\/2025\/01\/photo_2025-01-20_15-33-36-2.jpg","width":1280,"height":964},{"@type":"BreadcrumbList","@id":"https:\/\/shtandart.eu\/shtandart-will-spend-nearly-a-month-in-the-dry-dock\/#breadcrumb","itemListElement":[{"@type":"ListItem","position":1,"name":"Home","item":"https:\/\/shtandart.eu\/"},{"@type":"ListItem","position":2,"name":"Shtandart will spend nearly a month in dry dock"}]},{"@type":"WebSite","@id":"https:\/\/shtandart.eu\/#website","url":"https:\/\/shtandart.eu\/","name":"Shtandart","description":"","publisher":{"@id":"https:\/\/shtandart.eu\/#organization"},"potentialAction":[{"@type":"SearchAction","target":{"@type":"EntryPoint","urlTemplate":"https:\/\/shtandart.eu\/?s={search_term_string}"},"query-input":{"@type":"PropertyValueSpecification","valueRequired":true,"valueName":"search_term_string"}}],"inLanguage":"fr-FR"},{"@type":"Organization","@id":"https:\/\/shtandart.eu\/#organization","name":"Shtandart","url":"https:\/\/shtandart.eu\/","logo":{"@type":"ImageObject","inLanguage":"fr-FR","@id":"https:\/\/shtandart.eu\/#\/schema\/logo\/image\/","url":"https:\/\/shtandart.eu\/wp-content\/uploads\/2023\/12\/\u0411\u0435\u0437-\u0438\u043c\u0435\u043d\u0438-2.png","contentUrl":"https:\/\/shtandart.eu\/wp-content\/uploads\/2023\/12\/\u0411\u0435\u0437-\u0438\u043c\u0435\u043d\u0438-2.png","width":512,"height":511,"caption":"Shtandart"},"image":{"@id":"https:\/\/shtandart.eu\/#\/schema\/logo\/image\/"},"sameAs":["https:\/\/www.facebook.com\/Frigate.Shtandart\/"]},{"@type":"Person","@id":"https:\/\/shtandart.eu\/#\/schema\/person\/cac789be4cbf80e2d9b7e3bc03cb70f9","name":"Anna Gamzikova","image":{"@type":"ImageObject","inLanguage":"fr-FR","@id":"https:\/\/shtandart.eu\/#\/schema\/person\/image\/","url":"https:\/\/secure.gravatar.com\/avatar\/11757dd684c0509ff5ee2f357488f681fbd3c342233e2b2684636c33a3022fd6?s=96&d=mm&r=g","contentUrl":"https:\/\/secure.gravatar.com\/avatar\/11757dd684c0509ff5ee2f357488f681fbd3c342233e2b2684636c33a3022fd6?s=96&d=mm&r=g","caption":"Anna Gamzikova"},"url":"https:\/\/shtandart.eu\/fr\/author\/anna\/"}]}},"_links":{"self":[{"href":"https:\/\/shtandart.eu\/fr\/wp-json\/wp\/v2\/posts\/4190","targetHints":{"allow":["GET"]}}],"collection":[{"href":"https:\/\/shtandart.eu\/fr\/wp-json\/wp\/v2\/posts"}],"about":[{"href":"https:\/\/shtandart.eu\/fr\/wp-json\/wp\/v2\/types\/post"}],"author":[{"embeddable":true,"href":"https:\/\/shtandart.eu\/fr\/wp-json\/wp\/v2\/users\/990011"}],"replies":[{"embeddable":true,"href":"https:\/\/shtandart.eu\/fr\/wp-json\/wp\/v2\/comments?post=4190"}],"version-history":[{"count":2,"href":"https:\/\/shtandart.eu\/fr\/wp-json\/wp\/v2\/posts\/4190\/revisions"}],"predecessor-version":[{"id":4193,"href":"https:\/\/shtandart.eu\/fr\/wp-json\/wp\/v2\/posts\/4190\/revisions\/4193"}],"wp:featuredmedia":[{"embeddable":true,"href":"https:\/\/shtandart.eu\/fr\/wp-json\/wp\/v2\/media\/4191"}],"wp:attachment":[{"href":"https:\/\/shtandart.eu\/fr\/wp-json\/wp\/v2\/media?parent=4190"}],"wp:term":[{"taxonomy":"category","embeddable":true,"href":"https:\/\/shtandart.eu\/fr\/wp-json\/wp\/v2\/categories?post=4190"},{"taxonomy":"post_tag","embeddable":true,"href":"https:\/\/shtandart.eu\/fr\/wp-json\/wp\/v2\/tags?post=4190"}],"curies":[{"name":"wp","href":"https:\/\/api.w.org\/{rel}","templated":true}]}}