{"id":3402,"date":"2024-03-29T11:40:03","date_gmt":"2024-03-29T10:40:03","guid":{"rendered":"https:\/\/shtandart.eu\/?p=3402"},"modified":"2024-03-29T11:42:41","modified_gmt":"2024-03-29T10:42:41","slug":"shtandart-at-the-sete-festival","status":"publish","type":"post","link":"https:\/\/shtandart.eu\/fr\/shtandart-at-the-sete-festival\/","title":{"rendered":"Shtandart au Festival de S\u00e8te !"},"content":{"rendered":"<p>Le 25 mars, la fr\u00e9gate Shtandart, ainsi que d'autres voiliers historiques, se sont ammar\u00e9s \u00e0 S\u00e8te.<\/p>\n\n\n\n<p>En raison du temps orageux, l'ouverture du festival a d\u00fb \u00eatre report\u00e9e d'un jour, mais les festivit\u00e9s se sont quand m\u00eame av\u00e9r\u00e9es merveilleuses ! Pendant plusieurs jours, notre navire et d'autres grands voiliers - La Grace, Pandora, Belem, Galeon Andalucia, Morgenster, Pascual Flores, Santa Maria Manuela, Nao Victoria, ainsi que des dizaines de go\u00e9lettes et bateaux historiques sont ouverts \u00e0 tous ceux qui sont int\u00e9ress\u00e9s par l'histoire maritime ou qui aime tout simplement la mer\u00a0!<br>L'\u00e9quipage de Shtandart avec ses vieux amis de La Grace et Pandora, a \u00e9galement particip\u00e9 \u00e0 une reconstitution de bataille\u00a0navale ! La parade historique s'est av\u00e9r\u00e9e passionnante - tant pour le public que pour nous)<\/p>\n\n\n\n<p>Le festival durera jusqu'au 1er avril, et le Shtandart ira vers de nouveaux horizons : en Espagne !<\/p>\n\n\n\n<p><em>Photo: escaleasete.com<\/em><\/p>","protected":false},"excerpt":{"rendered":"<p>On March 25, the frigate Shtandart, along with a lot of other historical sailing ships, moored in S\u00e8te. Due to stormy weather, the opening of the festival had to be postponed for a day, but the holiday still turned out to be wonderful! For several days, our ship and other large sailing ships &#8211; La [&hellip;]<\/p>","protected":false},"author":990011,"featured_media":3405,"comment_status":"closed","ping_status":"open","sticky":false,"template":"","format":"standard","meta":{"_themeisle_gutenberg_block_has_review":false,"footnotes":""},"categories":[7,56],"tags":[],"class_list":["post-3402","post","type-post","status-publish","format-standard","has-post-thumbnail","hentry","category-shtandart-latest-news","category-uncategorized-en"],"yoast_head":"<!-- This site is optimized with the Yoast SEO plugin v25.5 - https:\/\/yoast.com\/wordpress\/plugins\/seo\/ -->\n<title>Shtandart at the S\u00e8te Festival! - Shtandart<\/title>\n<meta name=\"robots\" content=\"index, follow, max-snippet:-1, max-image-preview:large, max-video-preview:-1\" \/>\n<link rel=\"canonical\" href=\"https:\/\/shtandart.eu\/fr\/shtandart-at-the-sete-festival\/\" \/>\n<meta property=\"og:locale\" content=\"fr_FR\" \/>\n<meta property=\"og:type\" content=\"article\" \/>\n<meta property=\"og:title\" content=\"Shtandart at the S\u00e8te Festival! - Shtandart\" \/>\n<meta property=\"og:description\" content=\"On March 25, the frigate Shtandart, along with a lot of other historical sailing ships, moored in S\u00e8te. Due to stormy weather, the opening of the festival had to be postponed for a day, but the holiday still turned out to be wonderful! For several days, our ship and other large sailing ships &#8211; La [&hellip;]\" \/>\n<meta property=\"og:url\" content=\"https:\/\/shtandart.eu\/fr\/shtandart-at-the-sete-festival\/\" \/>\n<meta property=\"og:site_name\" content=\"Shtandart\" \/>\n<meta property=\"article:publisher\" content=\"https:\/\/www.facebook.com\/Frigate.Shtandart\/\" \/>\n<meta property=\"article:published_time\" content=\"2024-03-29T10:40:03+00:00\" \/>\n<meta property=\"article:modified_time\" content=\"2024-03-29T10:42:41+00:00\" \/>\n<meta property=\"og:image\" content=\"https:\/\/shtandart.eu\/wp-content\/uploads\/2024\/03\/434369690_825189666303444_3970170686229061309_n.jpg\" \/>\n\t<meta property=\"og:image:width\" content=\"1080\" \/>\n\t<meta property=\"og:image:height\" content=\"608\" \/>\n\t<meta property=\"og:image:type\" content=\"image\/jpeg\" \/>\n<meta name=\"author\" content=\"Anna Gamzikova\" \/>\n<meta name=\"twitter:card\" content=\"summary_large_image\" \/>\n<meta name=\"twitter:label1\" content=\"\u00c9crit par\" \/>\n\t<meta name=\"twitter:data1\" content=\"Anna Gamzikova\" \/>\n\t<meta name=\"twitter:label2\" content=\"Dur\u00e9e de lecture estim\u00e9e\" \/>\n\t<meta name=\"twitter:data2\" content=\"1 minute\" \/>\n<script type=\"application\/ld+json\" class=\"yoast-schema-graph\">{\"@context\":\"https:\/\/schema.org\",\"@graph\":[{\"@type\":\"Article\",\"@id\":\"https:\/\/shtandart.eu\/shtandart-at-the-sete-festival\/#article\",\"isPartOf\":{\"@id\":\"https:\/\/shtandart.eu\/shtandart-at-the-sete-festival\/\"},\"author\":{\"name\":\"Anna Gamzikova\",\"@id\":\"https:\/\/shtandart.eu\/#\/schema\/person\/cac789be4cbf80e2d9b7e3bc03cb70f9\"},\"headline\":\"Shtandart at the S\u00e8te Festival!\",\"datePublished\":\"2024-03-29T10:40:03+00:00\",\"dateModified\":\"2024-03-29T10:42:41+00:00\",\"mainEntityOfPage\":{\"@id\":\"https:\/\/shtandart.eu\/shtandart-at-the-sete-festival\/\"},\"wordCount\":150,\"publisher\":{\"@id\":\"https:\/\/shtandart.eu\/#organization\"},\"image\":{\"@id\":\"https:\/\/shtandart.eu\/shtandart-at-the-sete-festival\/#primaryimage\"},\"thumbnailUrl\":\"https:\/\/shtandart.eu\/wp-content\/uploads\/2024\/03\/434369690_825189666303444_3970170686229061309_n.jpg\",\"articleSection\":[\"Latest News\",\"Uncategorized\"],\"inLanguage\":\"fr-FR\"},{\"@type\":\"WebPage\",\"@id\":\"https:\/\/shtandart.eu\/shtandart-at-the-sete-festival\/\",\"url\":\"https:\/\/shtandart.eu\/shtandart-at-the-sete-festival\/\",\"name\":\"Shtandart at the S\u00e8te Festival! - Shtandart\",\"isPartOf\":{\"@id\":\"https:\/\/shtandart.eu\/#website\"},\"primaryImageOfPage\":{\"@id\":\"https:\/\/shtandart.eu\/shtandart-at-the-sete-festival\/#primaryimage\"},\"image\":{\"@id\":\"https:\/\/shtandart.eu\/shtandart-at-the-sete-festival\/#primaryimage\"},\"thumbnailUrl\":\"https:\/\/shtandart.eu\/wp-content\/uploads\/2024\/03\/434369690_825189666303444_3970170686229061309_n.jpg\",\"datePublished\":\"2024-03-29T10:40:03+00:00\",\"dateModified\":\"2024-03-29T10:42:41+00:00\",\"breadcrumb\":{\"@id\":\"https:\/\/shtandart.eu\/shtandart-at-the-sete-festival\/#breadcrumb\"},\"inLanguage\":\"fr-FR\",\"potentialAction\":[{\"@type\":\"ReadAction\",\"target\":[\"https:\/\/shtandart.eu\/shtandart-at-the-sete-festival\/\"]}]},{\"@type\":\"ImageObject\",\"inLanguage\":\"fr-FR\",\"@id\":\"https:\/\/shtandart.eu\/shtandart-at-the-sete-festival\/#primaryimage\",\"url\":\"https:\/\/shtandart.eu\/wp-content\/uploads\/2024\/03\/434369690_825189666303444_3970170686229061309_n.jpg\",\"contentUrl\":\"https:\/\/shtandart.eu\/wp-content\/uploads\/2024\/03\/434369690_825189666303444_3970170686229061309_n.jpg\",\"width\":1080,\"height\":608},{\"@type\":\"BreadcrumbList\",\"@id\":\"https:\/\/shtandart.eu\/shtandart-at-the-sete-festival\/#breadcrumb\",\"itemListElement\":[{\"@type\":\"ListItem\",\"position\":1,\"name\":\"Home\",\"item\":\"https:\/\/shtandart.eu\/\"},{\"@type\":\"ListItem\",\"position\":2,\"name\":\"Shtandart at the S\u00e8te Festival!\"}]},{\"@type\":\"WebSite\",\"@id\":\"https:\/\/shtandart.eu\/#website\",\"url\":\"https:\/\/shtandart.eu\/\",\"name\":\"Shtandart\",\"description\":\"\",\"publisher\":{\"@id\":\"https:\/\/shtandart.eu\/#organization\"},\"potentialAction\":[{\"@type\":\"SearchAction\",\"target\":{\"@type\":\"EntryPoint\",\"urlTemplate\":\"https:\/\/shtandart.eu\/?s={search_term_string}\"},\"query-input\":{\"@type\":\"PropertyValueSpecification\",\"valueRequired\":true,\"valueName\":\"search_term_string\"}}],\"inLanguage\":\"fr-FR\"},{\"@type\":\"Organization\",\"@id\":\"https:\/\/shtandart.eu\/#organization\",\"name\":\"Shtandart\",\"url\":\"https:\/\/shtandart.eu\/\",\"logo\":{\"@type\":\"ImageObject\",\"inLanguage\":\"fr-FR\",\"@id\":\"https:\/\/shtandart.eu\/#\/schema\/logo\/image\/\",\"url\":\"https:\/\/shtandart.eu\/wp-content\/uploads\/2023\/12\/\u0411\u0435\u0437-\u0438\u043c\u0435\u043d\u0438-2.png\",\"contentUrl\":\"https:\/\/shtandart.eu\/wp-content\/uploads\/2023\/12\/\u0411\u0435\u0437-\u0438\u043c\u0435\u043d\u0438-2.png\",\"width\":512,\"height\":511,\"caption\":\"Shtandart\"},\"image\":{\"@id\":\"https:\/\/shtandart.eu\/#\/schema\/logo\/image\/\"},\"sameAs\":[\"https:\/\/www.facebook.com\/Frigate.Shtandart\/\"]},{\"@type\":\"Person\",\"@id\":\"https:\/\/shtandart.eu\/#\/schema\/person\/cac789be4cbf80e2d9b7e3bc03cb70f9\",\"name\":\"Anna Gamzikova\",\"image\":{\"@type\":\"ImageObject\",\"inLanguage\":\"fr-FR\",\"@id\":\"https:\/\/shtandart.eu\/#\/schema\/person\/image\/\",\"url\":\"https:\/\/secure.gravatar.com\/avatar\/11757dd684c0509ff5ee2f357488f681fbd3c342233e2b2684636c33a3022fd6?s=96&d=mm&r=g\",\"contentUrl\":\"https:\/\/secure.gravatar.com\/avatar\/11757dd684c0509ff5ee2f357488f681fbd3c342233e2b2684636c33a3022fd6?s=96&d=mm&r=g\",\"caption\":\"Anna Gamzikova\"},\"url\":\"https:\/\/shtandart.eu\/fr\/author\/anna\/\"}]}<\/script>\n<!-- \/ Yoast SEO plugin. -->","yoast_head_json":{"title":"Shtandart at the S\u00e8te Festival! - Shtandart","robots":{"index":"index","follow":"follow","max-snippet":"max-snippet:-1","max-image-preview":"max-image-preview:large","max-video-preview":"max-video-preview:-1"},"canonical":"https:\/\/shtandart.eu\/fr\/shtandart-at-the-sete-festival\/","og_locale":"fr_FR","og_type":"article","og_title":"Shtandart at the S\u00e8te Festival! - Shtandart","og_description":"On March 25, the frigate Shtandart, along with a lot of other historical sailing ships, moored in S\u00e8te. Due to stormy weather, the opening of the festival had to be postponed for a day, but the holiday still turned out to be wonderful! For several days, our ship and other large sailing ships &#8211; La [&hellip;]","og_url":"https:\/\/shtandart.eu\/fr\/shtandart-at-the-sete-festival\/","og_site_name":"Shtandart","article_publisher":"https:\/\/www.facebook.com\/Frigate.Shtandart\/","article_published_time":"2024-03-29T10:40:03+00:00","article_modified_time":"2024-03-29T10:42:41+00:00","og_image":[{"width":1080,"height":608,"url":"https:\/\/shtandart.eu\/wp-content\/uploads\/2024\/03\/434369690_825189666303444_3970170686229061309_n.jpg","type":"image\/jpeg"}],"author":"Anna Gamzikova","twitter_card":"summary_large_image","twitter_misc":{"\u00c9crit par":"Anna Gamzikova","Dur\u00e9e de lecture estim\u00e9e":"1 minute"},"schema":{"@context":"https:\/\/schema.org","@graph":[{"@type":"Article","@id":"https:\/\/shtandart.eu\/shtandart-at-the-sete-festival\/#article","isPartOf":{"@id":"https:\/\/shtandart.eu\/shtandart-at-the-sete-festival\/"},"author":{"name":"Anna Gamzikova","@id":"https:\/\/shtandart.eu\/#\/schema\/person\/cac789be4cbf80e2d9b7e3bc03cb70f9"},"headline":"Shtandart at the S\u00e8te Festival!","datePublished":"2024-03-29T10:40:03+00:00","dateModified":"2024-03-29T10:42:41+00:00","mainEntityOfPage":{"@id":"https:\/\/shtandart.eu\/shtandart-at-the-sete-festival\/"},"wordCount":150,"publisher":{"@id":"https:\/\/shtandart.eu\/#organization"},"image":{"@id":"https:\/\/shtandart.eu\/shtandart-at-the-sete-festival\/#primaryimage"},"thumbnailUrl":"https:\/\/shtandart.eu\/wp-content\/uploads\/2024\/03\/434369690_825189666303444_3970170686229061309_n.jpg","articleSection":["Latest News","Uncategorized"],"inLanguage":"fr-FR"},{"@type":"WebPage","@id":"https:\/\/shtandart.eu\/shtandart-at-the-sete-festival\/","url":"https:\/\/shtandart.eu\/shtandart-at-the-sete-festival\/","name":"Shtandart at the S\u00e8te Festival! - Shtandart","isPartOf":{"@id":"https:\/\/shtandart.eu\/#website"},"primaryImageOfPage":{"@id":"https:\/\/shtandart.eu\/shtandart-at-the-sete-festival\/#primaryimage"},"image":{"@id":"https:\/\/shtandart.eu\/shtandart-at-the-sete-festival\/#primaryimage"},"thumbnailUrl":"https:\/\/shtandart.eu\/wp-content\/uploads\/2024\/03\/434369690_825189666303444_3970170686229061309_n.jpg","datePublished":"2024-03-29T10:40:03+00:00","dateModified":"2024-03-29T10:42:41+00:00","breadcrumb":{"@id":"https:\/\/shtandart.eu\/shtandart-at-the-sete-festival\/#breadcrumb"},"inLanguage":"fr-FR","potentialAction":[{"@type":"ReadAction","target":["https:\/\/shtandart.eu\/shtandart-at-the-sete-festival\/"]}]},{"@type":"ImageObject","inLanguage":"fr-FR","@id":"https:\/\/shtandart.eu\/shtandart-at-the-sete-festival\/#primaryimage","url":"https:\/\/shtandart.eu\/wp-content\/uploads\/2024\/03\/434369690_825189666303444_3970170686229061309_n.jpg","contentUrl":"https:\/\/shtandart.eu\/wp-content\/uploads\/2024\/03\/434369690_825189666303444_3970170686229061309_n.jpg","width":1080,"height":608},{"@type":"BreadcrumbList","@id":"https:\/\/shtandart.eu\/shtandart-at-the-sete-festival\/#breadcrumb","itemListElement":[{"@type":"ListItem","position":1,"name":"Home","item":"https:\/\/shtandart.eu\/"},{"@type":"ListItem","position":2,"name":"Shtandart at the S\u00e8te Festival!"}]},{"@type":"WebSite","@id":"https:\/\/shtandart.eu\/#website","url":"https:\/\/shtandart.eu\/","name":"Shtandart","description":"","publisher":{"@id":"https:\/\/shtandart.eu\/#organization"},"potentialAction":[{"@type":"SearchAction","target":{"@type":"EntryPoint","urlTemplate":"https:\/\/shtandart.eu\/?s={search_term_string}"},"query-input":{"@type":"PropertyValueSpecification","valueRequired":true,"valueName":"search_term_string"}}],"inLanguage":"fr-FR"},{"@type":"Organization","@id":"https:\/\/shtandart.eu\/#organization","name":"Shtandart","url":"https:\/\/shtandart.eu\/","logo":{"@type":"ImageObject","inLanguage":"fr-FR","@id":"https:\/\/shtandart.eu\/#\/schema\/logo\/image\/","url":"https:\/\/shtandart.eu\/wp-content\/uploads\/2023\/12\/\u0411\u0435\u0437-\u0438\u043c\u0435\u043d\u0438-2.png","contentUrl":"https:\/\/shtandart.eu\/wp-content\/uploads\/2023\/12\/\u0411\u0435\u0437-\u0438\u043c\u0435\u043d\u0438-2.png","width":512,"height":511,"caption":"Shtandart"},"image":{"@id":"https:\/\/shtandart.eu\/#\/schema\/logo\/image\/"},"sameAs":["https:\/\/www.facebook.com\/Frigate.Shtandart\/"]},{"@type":"Person","@id":"https:\/\/shtandart.eu\/#\/schema\/person\/cac789be4cbf80e2d9b7e3bc03cb70f9","name":"Anna Gamzikova","image":{"@type":"ImageObject","inLanguage":"fr-FR","@id":"https:\/\/shtandart.eu\/#\/schema\/person\/image\/","url":"https:\/\/secure.gravatar.com\/avatar\/11757dd684c0509ff5ee2f357488f681fbd3c342233e2b2684636c33a3022fd6?s=96&d=mm&r=g","contentUrl":"https:\/\/secure.gravatar.com\/avatar\/11757dd684c0509ff5ee2f357488f681fbd3c342233e2b2684636c33a3022fd6?s=96&d=mm&r=g","caption":"Anna Gamzikova"},"url":"https:\/\/shtandart.eu\/fr\/author\/anna\/"}]}},"_links":{"self":[{"href":"https:\/\/shtandart.eu\/fr\/wp-json\/wp\/v2\/posts\/3402","targetHints":{"allow":["GET"]}}],"collection":[{"href":"https:\/\/shtandart.eu\/fr\/wp-json\/wp\/v2\/posts"}],"about":[{"href":"https:\/\/shtandart.eu\/fr\/wp-json\/wp\/v2\/types\/post"}],"author":[{"embeddable":true,"href":"https:\/\/shtandart.eu\/fr\/wp-json\/wp\/v2\/users\/990011"}],"replies":[{"embeddable":true,"href":"https:\/\/shtandart.eu\/fr\/wp-json\/wp\/v2\/comments?post=3402"}],"version-history":[{"count":3,"href":"https:\/\/shtandart.eu\/fr\/wp-json\/wp\/v2\/posts\/3402\/revisions"}],"predecessor-version":[{"id":3407,"href":"https:\/\/shtandart.eu\/fr\/wp-json\/wp\/v2\/posts\/3402\/revisions\/3407"}],"wp:featuredmedia":[{"embeddable":true,"href":"https:\/\/shtandart.eu\/fr\/wp-json\/wp\/v2\/media\/3405"}],"wp:attachment":[{"href":"https:\/\/shtandart.eu\/fr\/wp-json\/wp\/v2\/media?parent=3402"}],"wp:term":[{"taxonomy":"category","embeddable":true,"href":"https:\/\/shtandart.eu\/fr\/wp-json\/wp\/v2\/categories?post=3402"},{"taxonomy":"post_tag","embeddable":true,"href":"https:\/\/shtandart.eu\/fr\/wp-json\/wp\/v2\/tags?post=3402"}],"curies":[{"name":"wp","href":"https:\/\/api.w.org\/{rel}","templated":true}]}}