{"id":4516,"date":"2025-05-17T14:23:52","date_gmt":"2025-05-17T12:23:52","guid":{"rendered":"https:\/\/shtandart.eu\/?p=4516"},"modified":"2025-06-13T14:09:57","modified_gmt":"2025-06-13T12:09:57","slug":"aberdeen-kristiansand-21-07-31-07-2025","status":"publish","type":"post","link":"https:\/\/shtandart.eu\/de\/aberdeen-kristiansand-21-07-31-07-2025\/","title":{"rendered":"Aberdeen &#8211; Kristiansand 21.07 &#8211; 31.07.2025"},"content":{"rendered":"<p><strong>Auslaufen von: Aberdeen<br>Einschiffung: 21\/07, 2025, 14:00<br>Zielhafen: Kristiansand<br>Disembarkation: 31\/07 2025, 18:00<br>Tage an Bord: 10<\/strong><\/p>\n\n\n\n<p><br><strong>Tall Ships Races: Von Aberdeen nach Kristiansand \u2013 mehr als nur ein Rennen, ein Abenteuer mit norwegischem Herz<\/strong><\/p>\n\n\n\n<p>Mach mit bei der legend\u00e4ren <strong>Tall Ships Races<\/strong> und segle von der schottischen K\u00fcste bis in den wundersch\u00f6nen S\u00fcden Norwegens. Das ist mehr als eine Regatta \u2013 es ist eine Reise voller Wind, Wellen und echtem Teamgeist.<\/p>\n\n\n\n<p><strong>Start in Aberdeen<\/strong>\u2013 wir stechen in See, um uns mit Dutzenden anderer Gro\u00dfsegler aus aller Welt in Geschwindigkeit, Koordination und Teamwork zu messen.<\/p>\n\n\n\n<p><strong>Das Rennen endet auf See vor der norwegischen K\u00fcste<\/strong>,  aber das Abenteuer geht erst richtig los!<\/p>\n\n\n\n<p>After the race, a special tradition begins \u2014 <strong>Cruising-in-Company<\/strong>. Gemeinsam mit den anderen Schiffen segeln wir entspannt entlang der norwegischen K\u00fcste und legen an in kleinen St\u00e4dten und D\u00f6rfern, wo wir wie Ehreng\u00e4ste empfangen werden \u2013 mit Musik, Festen und echter Herzlichkeit. Eine seltene Gelegenheit, Norwegen von seiner authentischsten Seite kennenzulernen \u2013 abseits der<\/p>\n\n\n\n<p><strong>Zielhafen ist Kristiansand<\/strong>, wo uns ein gro\u00dfes Hafenfest mit Konzerten und Tausenden begeisterten Besuchern erwartet.<\/p>\n\n\n\n<p><strong>Besonderes Angebot f\u00fcr junge Teilnehmer!<\/strong><br>Wenn du zum Zeitpunkt des Rennstarts zwischen <strong>15 und 25 Jahre alt<\/strong> bist, betr\u00e4gt dein <strong>Teilnahmebeitrag nur die H\u00e4lfte<\/strong>. Eine gro\u00dfartige Gelegenheit, Teil einer internationalen Crew zu werden und ein echtes Segelabenteuer zu erleben \u2013 zum Jugendpreis.<\/p>\n\n\n\n<p><strong>Bereit f\u00fcr ein unvergessliches Erlebnis?<\/strong><br>Komm an Bord \u2013 dein Platz wartet nicht ewig!<\/p>\n\n\n\n<p><strong>Unterbringung und sonstige Leistungen<\/strong><\/p>\n\n\n\n<p>Du hast Die Wahl: schlafe in einer H\u00e4ngematte, wie die Seeleute vor 300 Jahren oder w\u00e4hle eine Koje, falls noch verf\u00fcgbar. Sowohl an Land als auch auf See gibt es t\u00e4glich vier Mahlzeiten. Das Leben an Bord ist eingeteilt in Wachen, an denen Du w\u00e4hrend Deines Aufenthalts an Bord aktiv teilnehmen wirst.<\/p>\n\n\n\n<p class=\" translation-block\">Hier erf\u00e4hrst Du mehr \u00fcber das Leben an Bord  <a href=\"https:\/\/shtandart.eu\/about-shtandart\/life-on-board\/\" target=\"_self\">hier<\/a>.<\/p>\n\n\n\n<p class=\" translation-block\">Schick deine Anfrage an <a href=\"mailto:voyage@shtandart.eu\" target=\"_self\">voyage@shtandart.eu<\/a>, um dir dein Abenteuer zu sichern!<\/p>","protected":false},"excerpt":{"rendered":"<p>Departure from: AberdeenBoarding: 21\/07 2025, 14:00Destination: KristiansandDisembarkation: 31\/07 2025, 18:00Days on board: 10 Tall Ships Races: From Aberdeen to Kristiansand \u2014 More Than a Race, It\u2019s a Norwegian-Hearted Adventure Join the legendary Tall Ships Races and sail from the Scottish coast to the stunning south of Norway. This is more than just a regatta \u2014 [&hellip;]<\/p>","protected":false},"author":990016,"featured_media":0,"comment_status":"closed","ping_status":"open","sticky":false,"template":"","format":"standard","meta":{"_themeisle_gutenberg_block_has_review":false,"footnotes":""},"categories":[56],"tags":[],"class_list":["post-4516","post","type-post","status-publish","format-standard","hentry","category-uncategorized-en"],"yoast_head":"<!-- This site is optimized with the Yoast SEO plugin v25.5 - https:\/\/yoast.com\/wordpress\/plugins\/seo\/ -->\n<title>Aberdeen - Kristiansand 21.07 - 31.07.2025 - Shtandart<\/title>\n<meta name=\"robots\" content=\"index, follow, max-snippet:-1, max-image-preview:large, max-video-preview:-1\" \/>\n<link rel=\"canonical\" href=\"https:\/\/shtandart.eu\/de\/aberdeen-kristiansand-21-07-31-07-2025\/\" \/>\n<meta property=\"og:locale\" content=\"de_DE\" \/>\n<meta property=\"og:type\" content=\"article\" \/>\n<meta property=\"og:title\" content=\"Aberdeen - Kristiansand 21.07 - 31.07.2025 - Shtandart\" \/>\n<meta property=\"og:description\" content=\"Departure from: AberdeenBoarding: 21\/07 2025, 14:00Destination: KristiansandDisembarkation: 31\/07 2025, 18:00Days on board: 10 Tall Ships Races: From Aberdeen to Kristiansand \u2014 More Than a Race, It\u2019s a Norwegian-Hearted Adventure Join the legendary Tall Ships Races and sail from the Scottish coast to the stunning south of Norway. This is more than just a regatta \u2014 [&hellip;]\" \/>\n<meta property=\"og:url\" content=\"https:\/\/shtandart.eu\/de\/aberdeen-kristiansand-21-07-31-07-2025\/\" \/>\n<meta property=\"og:site_name\" content=\"Shtandart\" \/>\n<meta property=\"article:publisher\" content=\"https:\/\/www.facebook.com\/Frigate.Shtandart\/\" \/>\n<meta property=\"article:published_time\" content=\"2025-05-17T12:23:52+00:00\" \/>\n<meta property=\"article:modified_time\" content=\"2025-06-13T12:09:57+00:00\" \/>\n<meta name=\"author\" content=\"Natalia\" \/>\n<meta name=\"twitter:card\" content=\"summary_large_image\" \/>\n<meta name=\"twitter:label1\" content=\"Verfasst von\" \/>\n\t<meta name=\"twitter:data1\" content=\"Natalia\" \/>\n\t<meta name=\"twitter:label2\" content=\"Gesch\u00e4tzte Lesezeit\" \/>\n\t<meta name=\"twitter:data2\" content=\"2\u00a0Minuten\" \/>\n<script type=\"application\/ld+json\" class=\"yoast-schema-graph\">{\"@context\":\"https:\/\/schema.org\",\"@graph\":[{\"@type\":\"Article\",\"@id\":\"https:\/\/shtandart.eu\/aberdeen-kristiansand-21-07-31-07-2025\/#article\",\"isPartOf\":{\"@id\":\"https:\/\/shtandart.eu\/aberdeen-kristiansand-21-07-31-07-2025\/\"},\"author\":{\"name\":\"Natalia\",\"@id\":\"https:\/\/shtandart.eu\/#\/schema\/person\/fcb41f85d6ad71c3071023ed181451e7\"},\"headline\":\"Aberdeen &#8211; Kristiansand 21.07 &#8211; 31.07.2025\",\"datePublished\":\"2025-05-17T12:23:52+00:00\",\"dateModified\":\"2025-06-13T12:09:57+00:00\",\"mainEntityOfPage\":{\"@id\":\"https:\/\/shtandart.eu\/aberdeen-kristiansand-21-07-31-07-2025\/\"},\"wordCount\":324,\"publisher\":{\"@id\":\"https:\/\/shtandart.eu\/#organization\"},\"articleSection\":[\"Uncategorized\"],\"inLanguage\":\"de\"},{\"@type\":\"WebPage\",\"@id\":\"https:\/\/shtandart.eu\/aberdeen-kristiansand-21-07-31-07-2025\/\",\"url\":\"https:\/\/shtandart.eu\/aberdeen-kristiansand-21-07-31-07-2025\/\",\"name\":\"Aberdeen - Kristiansand 21.07 - 31.07.2025 - Shtandart\",\"isPartOf\":{\"@id\":\"https:\/\/shtandart.eu\/#website\"},\"datePublished\":\"2025-05-17T12:23:52+00:00\",\"dateModified\":\"2025-06-13T12:09:57+00:00\",\"breadcrumb\":{\"@id\":\"https:\/\/shtandart.eu\/aberdeen-kristiansand-21-07-31-07-2025\/#breadcrumb\"},\"inLanguage\":\"de\",\"potentialAction\":[{\"@type\":\"ReadAction\",\"target\":[\"https:\/\/shtandart.eu\/aberdeen-kristiansand-21-07-31-07-2025\/\"]}]},{\"@type\":\"BreadcrumbList\",\"@id\":\"https:\/\/shtandart.eu\/aberdeen-kristiansand-21-07-31-07-2025\/#breadcrumb\",\"itemListElement\":[{\"@type\":\"ListItem\",\"position\":1,\"name\":\"Home\",\"item\":\"https:\/\/shtandart.eu\/\"},{\"@type\":\"ListItem\",\"position\":2,\"name\":\"Aberdeen &#8211; Kristiansand 21.07 &#8211; 31.07.2025\"}]},{\"@type\":\"WebSite\",\"@id\":\"https:\/\/shtandart.eu\/#website\",\"url\":\"https:\/\/shtandart.eu\/\",\"name\":\"Shtandart\",\"description\":\"\",\"publisher\":{\"@id\":\"https:\/\/shtandart.eu\/#organization\"},\"potentialAction\":[{\"@type\":\"SearchAction\",\"target\":{\"@type\":\"EntryPoint\",\"urlTemplate\":\"https:\/\/shtandart.eu\/?s={search_term_string}\"},\"query-input\":{\"@type\":\"PropertyValueSpecification\",\"valueRequired\":true,\"valueName\":\"search_term_string\"}}],\"inLanguage\":\"de\"},{\"@type\":\"Organization\",\"@id\":\"https:\/\/shtandart.eu\/#organization\",\"name\":\"Shtandart\",\"url\":\"https:\/\/shtandart.eu\/\",\"logo\":{\"@type\":\"ImageObject\",\"inLanguage\":\"de\",\"@id\":\"https:\/\/shtandart.eu\/#\/schema\/logo\/image\/\",\"url\":\"https:\/\/shtandart.eu\/wp-content\/uploads\/2023\/12\/\u0411\u0435\u0437-\u0438\u043c\u0435\u043d\u0438-2.png\",\"contentUrl\":\"https:\/\/shtandart.eu\/wp-content\/uploads\/2023\/12\/\u0411\u0435\u0437-\u0438\u043c\u0435\u043d\u0438-2.png\",\"width\":512,\"height\":511,\"caption\":\"Shtandart\"},\"image\":{\"@id\":\"https:\/\/shtandart.eu\/#\/schema\/logo\/image\/\"},\"sameAs\":[\"https:\/\/www.facebook.com\/Frigate.Shtandart\/\"]},{\"@type\":\"Person\",\"@id\":\"https:\/\/shtandart.eu\/#\/schema\/person\/fcb41f85d6ad71c3071023ed181451e7\",\"name\":\"Natalia\",\"image\":{\"@type\":\"ImageObject\",\"inLanguage\":\"de\",\"@id\":\"https:\/\/shtandart.eu\/#\/schema\/person\/image\/\",\"url\":\"https:\/\/secure.gravatar.com\/avatar\/479eaf5a53773f365b1b4ea7436fa3b9596e920d99a33013faf72b1d3f6b31fd?s=96&d=mm&r=g\",\"contentUrl\":\"https:\/\/secure.gravatar.com\/avatar\/479eaf5a53773f365b1b4ea7436fa3b9596e920d99a33013faf72b1d3f6b31fd?s=96&d=mm&r=g\",\"caption\":\"Natalia\"},\"url\":\"https:\/\/shtandart.eu\/de\/author\/netcpmoeip\/\"}]}<\/script>\n<!-- \/ Yoast SEO plugin. -->","yoast_head_json":{"title":"Aberdeen - Kristiansand 21.07 - 31.07.2025 - Shtandart","robots":{"index":"index","follow":"follow","max-snippet":"max-snippet:-1","max-image-preview":"max-image-preview:large","max-video-preview":"max-video-preview:-1"},"canonical":"https:\/\/shtandart.eu\/de\/aberdeen-kristiansand-21-07-31-07-2025\/","og_locale":"de_DE","og_type":"article","og_title":"Aberdeen - Kristiansand 21.07 - 31.07.2025 - Shtandart","og_description":"Departure from: AberdeenBoarding: 21\/07 2025, 14:00Destination: KristiansandDisembarkation: 31\/07 2025, 18:00Days on board: 10 Tall Ships Races: From Aberdeen to Kristiansand \u2014 More Than a Race, It\u2019s a Norwegian-Hearted Adventure Join the legendary Tall Ships Races and sail from the Scottish coast to the stunning south of Norway. This is more than just a regatta \u2014 [&hellip;]","og_url":"https:\/\/shtandart.eu\/de\/aberdeen-kristiansand-21-07-31-07-2025\/","og_site_name":"Shtandart","article_publisher":"https:\/\/www.facebook.com\/Frigate.Shtandart\/","article_published_time":"2025-05-17T12:23:52+00:00","article_modified_time":"2025-06-13T12:09:57+00:00","author":"Natalia","twitter_card":"summary_large_image","twitter_misc":{"Verfasst von":"Natalia","Gesch\u00e4tzte Lesezeit":"2\u00a0Minuten"},"schema":{"@context":"https:\/\/schema.org","@graph":[{"@type":"Article","@id":"https:\/\/shtandart.eu\/aberdeen-kristiansand-21-07-31-07-2025\/#article","isPartOf":{"@id":"https:\/\/shtandart.eu\/aberdeen-kristiansand-21-07-31-07-2025\/"},"author":{"name":"Natalia","@id":"https:\/\/shtandart.eu\/#\/schema\/person\/fcb41f85d6ad71c3071023ed181451e7"},"headline":"Aberdeen &#8211; Kristiansand 21.07 &#8211; 31.07.2025","datePublished":"2025-05-17T12:23:52+00:00","dateModified":"2025-06-13T12:09:57+00:00","mainEntityOfPage":{"@id":"https:\/\/shtandart.eu\/aberdeen-kristiansand-21-07-31-07-2025\/"},"wordCount":324,"publisher":{"@id":"https:\/\/shtandart.eu\/#organization"},"articleSection":["Uncategorized"],"inLanguage":"de"},{"@type":"WebPage","@id":"https:\/\/shtandart.eu\/aberdeen-kristiansand-21-07-31-07-2025\/","url":"https:\/\/shtandart.eu\/aberdeen-kristiansand-21-07-31-07-2025\/","name":"Aberdeen - Kristiansand 21.07 - 31.07.2025 - Shtandart","isPartOf":{"@id":"https:\/\/shtandart.eu\/#website"},"datePublished":"2025-05-17T12:23:52+00:00","dateModified":"2025-06-13T12:09:57+00:00","breadcrumb":{"@id":"https:\/\/shtandart.eu\/aberdeen-kristiansand-21-07-31-07-2025\/#breadcrumb"},"inLanguage":"de","potentialAction":[{"@type":"ReadAction","target":["https:\/\/shtandart.eu\/aberdeen-kristiansand-21-07-31-07-2025\/"]}]},{"@type":"BreadcrumbList","@id":"https:\/\/shtandart.eu\/aberdeen-kristiansand-21-07-31-07-2025\/#breadcrumb","itemListElement":[{"@type":"ListItem","position":1,"name":"Home","item":"https:\/\/shtandart.eu\/"},{"@type":"ListItem","position":2,"name":"Aberdeen &#8211; Kristiansand 21.07 &#8211; 31.07.2025"}]},{"@type":"WebSite","@id":"https:\/\/shtandart.eu\/#website","url":"https:\/\/shtandart.eu\/","name":"Shtandart","description":"","publisher":{"@id":"https:\/\/shtandart.eu\/#organization"},"potentialAction":[{"@type":"SearchAction","target":{"@type":"EntryPoint","urlTemplate":"https:\/\/shtandart.eu\/?s={search_term_string}"},"query-input":{"@type":"PropertyValueSpecification","valueRequired":true,"valueName":"search_term_string"}}],"inLanguage":"de"},{"@type":"Organization","@id":"https:\/\/shtandart.eu\/#organization","name":"Shtandart","url":"https:\/\/shtandart.eu\/","logo":{"@type":"ImageObject","inLanguage":"de","@id":"https:\/\/shtandart.eu\/#\/schema\/logo\/image\/","url":"https:\/\/shtandart.eu\/wp-content\/uploads\/2023\/12\/\u0411\u0435\u0437-\u0438\u043c\u0435\u043d\u0438-2.png","contentUrl":"https:\/\/shtandart.eu\/wp-content\/uploads\/2023\/12\/\u0411\u0435\u0437-\u0438\u043c\u0435\u043d\u0438-2.png","width":512,"height":511,"caption":"Shtandart"},"image":{"@id":"https:\/\/shtandart.eu\/#\/schema\/logo\/image\/"},"sameAs":["https:\/\/www.facebook.com\/Frigate.Shtandart\/"]},{"@type":"Person","@id":"https:\/\/shtandart.eu\/#\/schema\/person\/fcb41f85d6ad71c3071023ed181451e7","name":"Natalia","image":{"@type":"ImageObject","inLanguage":"de","@id":"https:\/\/shtandart.eu\/#\/schema\/person\/image\/","url":"https:\/\/secure.gravatar.com\/avatar\/479eaf5a53773f365b1b4ea7436fa3b9596e920d99a33013faf72b1d3f6b31fd?s=96&d=mm&r=g","contentUrl":"https:\/\/secure.gravatar.com\/avatar\/479eaf5a53773f365b1b4ea7436fa3b9596e920d99a33013faf72b1d3f6b31fd?s=96&d=mm&r=g","caption":"Natalia"},"url":"https:\/\/shtandart.eu\/de\/author\/netcpmoeip\/"}]}},"_links":{"self":[{"href":"https:\/\/shtandart.eu\/de\/wp-json\/wp\/v2\/posts\/4516","targetHints":{"allow":["GET"]}}],"collection":[{"href":"https:\/\/shtandart.eu\/de\/wp-json\/wp\/v2\/posts"}],"about":[{"href":"https:\/\/shtandart.eu\/de\/wp-json\/wp\/v2\/types\/post"}],"author":[{"embeddable":true,"href":"https:\/\/shtandart.eu\/de\/wp-json\/wp\/v2\/users\/990016"}],"replies":[{"embeddable":true,"href":"https:\/\/shtandart.eu\/de\/wp-json\/wp\/v2\/comments?post=4516"}],"version-history":[{"count":5,"href":"https:\/\/shtandart.eu\/de\/wp-json\/wp\/v2\/posts\/4516\/revisions"}],"predecessor-version":[{"id":4599,"href":"https:\/\/shtandart.eu\/de\/wp-json\/wp\/v2\/posts\/4516\/revisions\/4599"}],"wp:attachment":[{"href":"https:\/\/shtandart.eu\/de\/wp-json\/wp\/v2\/media?parent=4516"}],"wp:term":[{"taxonomy":"category","embeddable":true,"href":"https:\/\/shtandart.eu\/de\/wp-json\/wp\/v2\/categories?post=4516"},{"taxonomy":"post_tag","embeddable":true,"href":"https:\/\/shtandart.eu\/de\/wp-json\/wp\/v2\/tags?post=4516"}],"curies":[{"name":"wp","href":"https:\/\/api.w.org\/{rel}","templated":true}]}}